{"id":645,"date":"2008-08-04T08:54:49","date_gmt":"2008-08-04T07:54:49","guid":{"rendered":"http:\/\/bob123.ovh.org\/wordpress\/?p=1"},"modified":"2015-05-27T09:00:07","modified_gmt":"2015-05-27T09:00:07","slug":"bonjour-tout-le-monde-2","status":"publish","type":"post","link":"https:\/\/www.guydelisle.com\/jeru\/photo\/bonjour-tout-le-monde-2\/","title":{"rendered":"O\u00f9 sommes-nous ?"},"content":{"rendered":"<p>Nous venons d&#8217;arriver \u00e0 J\u00e9rusalem. On habite un quartier qui s&#8217;appelle Beit Hanina. On m&#8217;explique que c&#8217;est dans la partie <em>est<\/em> de la ville, la partie qui a \u00e9t\u00e9 annex\u00e9e par Isra\u00ebl pendant la guerre des 6 jours en 1967. Nous sommes donc en Isra\u00ebl ? \u00c7a d\u00e9pend, au niveau international (ONU et compagnie)\u00a0 nous sommes en Cisjordanie, pour les Palestiniens nous sommes dans les territoires occup\u00e9s et pour le gouvernement Isra\u00e9lien nous sommes bel et bien en Isra\u00ebl. Bon, d&#8217;accord. J&#8217;ai pas tout compris mais j&#8217;ai un an devant moi pour y voir plus clair.<\/p>\n<p><a href=\"http:\/\/www.guydelisle.com\/jeru\/files\/2008\/08\/de_notre_fenetre.jpg\"><img loading=\"lazy\" decoding=\"async\" class=\"alignnone size-large wp-image-885\" src=\"http:\/\/www.guydelisle.com\/jeru\/files\/2008\/08\/de_notre_fenetre-1024x472.jpg\" alt=\"de_notre_fenetre\" width=\"584\" height=\"269\" srcset=\"https:\/\/www.guydelisle.com\/jeru\/files\/2008\/08\/de_notre_fenetre-1024x472.jpg 1024w, https:\/\/www.guydelisle.com\/jeru\/files\/2008\/08\/de_notre_fenetre-300x138.jpg 300w, https:\/\/www.guydelisle.com\/jeru\/files\/2008\/08\/de_notre_fenetre-500x230.jpg 500w\" sizes=\"auto, (max-width: 584px) 85vw, 584px\" \/><\/a><\/p>\n","protected":false},"excerpt":{"rendered":"<p>Nous venons d&#8217;arriver \u00e0 J\u00e9rusalem. On habite un quartier qui s&#8217;appelle Beit Hanina. On m&#8217;explique que c&#8217;est dans la partie est de la ville, la partie qui a \u00e9t\u00e9 annex\u00e9e par Isra\u00ebl pendant la guerre des 6 jours en 1967. Nous sommes donc en Isra\u00ebl ? \u00c7a d\u00e9pend, au niveau international (ONU et compagnie)\u00a0 nous &hellip; <a href=\"https:\/\/www.guydelisle.com\/jeru\/photo\/bonjour-tout-le-monde-2\/\" class=\"more-link\">Continue reading<span class=\"screen-reader-text\"> &#8220;O\u00f9 sommes-nous ?&#8221;<\/span><\/a><\/p>\n","protected":false},"author":1,"featured_media":0,"comment_status":"closed","ping_status":"closed","sticky":false,"template":"","format":"standard","meta":{"footnotes":""},"categories":[7],"tags":[],"class_list":["post-645","post","type-post","status-publish","format-standard","hentry","category-photo"],"_links":{"self":[{"href":"https:\/\/www.guydelisle.com\/jeru\/wp-json\/wp\/v2\/posts\/645","targetHints":{"allow":["GET"]}}],"collection":[{"href":"https:\/\/www.guydelisle.com\/jeru\/wp-json\/wp\/v2\/posts"}],"about":[{"href":"https:\/\/www.guydelisle.com\/jeru\/wp-json\/wp\/v2\/types\/post"}],"author":[{"embeddable":true,"href":"https:\/\/www.guydelisle.com\/jeru\/wp-json\/wp\/v2\/users\/1"}],"replies":[{"embeddable":true,"href":"https:\/\/www.guydelisle.com\/jeru\/wp-json\/wp\/v2\/comments?post=645"}],"version-history":[{"count":2,"href":"https:\/\/www.guydelisle.com\/jeru\/wp-json\/wp\/v2\/posts\/645\/revisions"}],"predecessor-version":[{"id":888,"href":"https:\/\/www.guydelisle.com\/jeru\/wp-json\/wp\/v2\/posts\/645\/revisions\/888"}],"wp:attachment":[{"href":"https:\/\/www.guydelisle.com\/jeru\/wp-json\/wp\/v2\/media?parent=645"}],"wp:term":[{"taxonomy":"category","embeddable":true,"href":"https:\/\/www.guydelisle.com\/jeru\/wp-json\/wp\/v2\/categories?post=645"},{"taxonomy":"post_tag","embeddable":true,"href":"https:\/\/www.guydelisle.com\/jeru\/wp-json\/wp\/v2\/tags?post=645"}],"curies":[{"name":"wp","href":"https:\/\/api.w.org\/{rel}","templated":true}]}}